{"id":243,"date":"2025-04-23T11:29:45","date_gmt":"2025-04-23T09:29:45","guid":{"rendered":"https:\/\/hechosdemusica.com\/?p=243"},"modified":"2025-04-23T11:29:45","modified_gmt":"2025-04-23T09:29:45","slug":"016-adrian-cordellat-diana-oliver","status":"publish","type":"post","link":"https:\/\/hechosdemusica.com\/index.php\/2025\/04\/23\/016-adrian-cordellat-diana-oliver\/","title":{"rendered":"016. Adri\u00e1n Cordellat \/ Diana Oliver"},"content":{"rendered":"\n<p>Diana Oliver y Adri\u00e1n Cordellat son una pareja de periodistas freelance especializados en temas de maternidad, paternidad, crianza, educaci\u00f3n y literatura, y son los fundadores de <a href=\"https:\/\/tacatacomunicacion.com\/\">\u2060Tacat\u00e1 Comunicaci\u00f3n\u2060<\/a>, agencia pionera en dedicarse a temas de maternidad, infancia y adolescencia. Adri\u00e1n es colaborador habitual de medios como <a href=\"https:\/\/elpais.com\/autor\/adrian-cordellat-martin\/\">\u2060El Pa\u00eds\u2060<\/a> o <a href=\"https:\/\/adriancordellat.com\/confian-en-mi\/eldiario-es\/\">\u2060El diario.es\u2060<\/a> , y Diana colabora en el programa de la Cadena Ser \u00abLa Ventana\u00bb, donde conduce la secci\u00f3n \u00abA que voy yo y lo encuentro\u00bb. Adem\u00e1s, ambos son escritores, Adri\u00e1n acaba de publicar un \u00e1lbum ilustrado titulado <a href=\"https:\/\/www.bookolia.es\/libreria\/antes-todo-esto-era-campo\/\">\u2060\u00bbAntes todo esto era campo\u201d\u2060<\/a> y Diana public\u00f3 en 2022 <a href=\"https:\/\/arpaeditores.com\/collections\/diana-oliver\/products\/maternidades-precarias\">\u2060\u00bbMaternidades precarias\u00bb\u2060<\/a>.<\/p>\n\n\n\n<p>Son una pareja con una sensibilidad especial para contar las cosas, y desde luego, aunque ellos se digan impostores, son personas decididamente hechas de m\u00fasica. Con ellos compartimos una conversaci\u00f3n que gira principalmente en torno al pop rock espa\u00f1ol de los 80\/90\/2000, pero que nos da para hablar del periodismo, de la crianza de adolescentes y de muchas m\u00e1s cosas.<\/p>\n\n\n\n<p><a href=\"https:\/\/open.spotify.com\/playlist\/5JrgdV8bynRV3w1vUr4cLZ?si=1afd62bdfcc54954\">\u2060La lista de Diana y Adri\u00e1n en Spotify\u2060<\/a><\/p>\n\n\n\n<p><a href=\"https:\/\/youtube.com\/playlist?list=PLBgbLJPb1-Vw5ls2tkRw9CZmAegRj-ygj&amp;si=fG9bzNn2UDEFwd2i\">\u2060La lista de Diana y Adri\u00e1n en YouTube\u2060<\/a><\/p>\n\n\n\n<p>Adem\u00e1s nos recomiendan estos libros:<\/p>\n\n\n\n<ul class=\"wp-block-list\">\n<li><a href=\"https:\/\/www.penguinlibros.com\/es\/literatura-contemporanea\/341195-libro-orquesta-9788420476940?srsltid=AfmBOopvhHJ2TVcGwDG-OmF8vU-51_JpRPw7XRQk8iHla_zPjnYFDFZK\">\u2060Orquesta, Miqui Otero\u2060<\/a><\/li>\n\n\n\n<li><a href=\"https:\/\/www.anagrama-ed.es\/libro\/narrativas-hispanicas\/poeta-chileno\/9788433998934\/NH_641\">\u2060Poeta chileno, Alejandro Zambra\u2060<\/a><\/li>\n\n\n\n<li><a href=\"https:\/\/editorialtransito.es\/libro\/el-hielo-de-los-suyos\/\">\u2060El hielo de los suyos, Montse S\u00e1nchez\u2060<\/a><\/li>\n\n\n\n<li><a href=\"https:\/\/lasafueras.com\/products\/el-paracaidista-de-ana-campoy\">\u2060El paracaidista, Ana Campoy\u2060<\/a><\/li>\n<\/ul>\n\n\n\n<p>Puedes seguir a <a href=\"https:\/\/dianaoliver.es\">\u2060Diana\u2060<\/a> y a <a href=\"https:\/\/adriancordellat.com\">\u2060Adri\u00e1n\u2060<\/a> en sus webs respectivas, adem\u00e1s de en Instagram, donde son <a href=\"https:\/\/instagram.com\/@acordellat\">\u2060@acordellat\u2060<\/a> <a href=\"https:\/\/instagram.com\/@dianaoliver.es\">\u2060@dianaoliver.es\u2060<\/a> Esperamos tu feedback y likes en Youtube, Spotify, Ivoox, Apple Podcasts o all\u00e1 donde nos escuches.<\/p>\n\n\n\n<p>Recuerda que puedes comunicarte con nosotros por cualquiera de estos medios:<\/p>\n\n\n\n<p>Web: <a href=\"https:\/\/hechosdemusica.com\">\u2060\u2060\u2060\u2060\u2060\u2060\u2060\u2060\u2060\u2060\u2060\u2060\u2060\u2060\u2060\u2060\u2060\u2060\u2060hechosdemusica.com\u2060\u2060\u2060\u2060\u2060\u2060\u2060\u2060\u2060\u2060\u2060\u2060\u2060\u2060\u2060\u2060\u2060\u2060\u2060<\/a><\/p>\n\n\n\n<p>Instagram:<a href=\"https:\/\/www.instagram.com\/hechosdemusica\">\u2060\u2060\u2060\u2060\u2060\u2060\u2060\u2060\u2060\u2060\u2060\u2060\u2060\u2060\u2060\u2060\u2060\u2060\u2060 @hechosdemusica\u2060\u2060\u2060\u2060\u2060\u2060\u2060\u2060\u2060\u2060\u2060\u2060\u2060\u2060\u2060\u2060\u2060\u2060\u2060<\/a><\/p>\n\n\n\n<p>YouTube: <a href=\"https:\/\/www.youtube.com\/@HechosdeM%C3%BAsica\">\u2060\u2060\u2060\u2060\u2060\u2060\u2060\u2060\u2060\u2060\u2060\u2060\u2060\u2060\u2060\u2060\u2060\u2060\u2060Hechos de m\u00fasica\u2060\u2060\u2060\u2060\u2060\u2060\u2060\u2060\u2060\u2060\u2060\u2060\u2060\u2060\u2060\u2060\u2060\u2060\u2060<\/a><\/p>\n\n\n\n<p>\u00a1nos vemos en 15 d\u00edas!<\/p>\n","protected":false},"excerpt":{"rendered":"<p>Diana Oliver y Adri\u00e1n Cordellat son una pareja de periodistas freelance especializados en temas de maternidad, paternidad, crianza, educaci\u00f3n y literatura, y son los fundadores de \u2060Tacat\u00e1 Comunicaci\u00f3n\u2060, agencia pionera en dedicarse a temas de maternidad, infancia y adolescencia. Adri\u00e1n es colaborador habitual de medios como \u2060El Pa\u00eds\u2060 o \u2060El diario.es\u2060 , y Diana colabora [&hellip;]<\/p>\n","protected":false},"author":1,"featured_media":244,"comment_status":"open","ping_status":"open","sticky":false,"template":"","format":"standard","meta":{"footnotes":""},"categories":[1],"tags":[],"class_list":["post-243","post","type-post","status-publish","format-standard","has-post-thumbnail","hentry","category-uncategorized"],"_links":{"self":[{"href":"https:\/\/hechosdemusica.com\/index.php\/wp-json\/wp\/v2\/posts\/243","targetHints":{"allow":["GET"]}}],"collection":[{"href":"https:\/\/hechosdemusica.com\/index.php\/wp-json\/wp\/v2\/posts"}],"about":[{"href":"https:\/\/hechosdemusica.com\/index.php\/wp-json\/wp\/v2\/types\/post"}],"author":[{"embeddable":true,"href":"https:\/\/hechosdemusica.com\/index.php\/wp-json\/wp\/v2\/users\/1"}],"replies":[{"embeddable":true,"href":"https:\/\/hechosdemusica.com\/index.php\/wp-json\/wp\/v2\/comments?post=243"}],"version-history":[{"count":1,"href":"https:\/\/hechosdemusica.com\/index.php\/wp-json\/wp\/v2\/posts\/243\/revisions"}],"predecessor-version":[{"id":245,"href":"https:\/\/hechosdemusica.com\/index.php\/wp-json\/wp\/v2\/posts\/243\/revisions\/245"}],"wp:featuredmedia":[{"embeddable":true,"href":"https:\/\/hechosdemusica.com\/index.php\/wp-json\/wp\/v2\/media\/244"}],"wp:attachment":[{"href":"https:\/\/hechosdemusica.com\/index.php\/wp-json\/wp\/v2\/media?parent=243"}],"wp:term":[{"taxonomy":"category","embeddable":true,"href":"https:\/\/hechosdemusica.com\/index.php\/wp-json\/wp\/v2\/categories?post=243"},{"taxonomy":"post_tag","embeddable":true,"href":"https:\/\/hechosdemusica.com\/index.php\/wp-json\/wp\/v2\/tags?post=243"}],"curies":[{"name":"wp","href":"https:\/\/api.w.org\/{rel}","templated":true}]}}